{"id":2109,"date":"2024-10-05T01:54:51","date_gmt":"2024-10-04T23:54:51","guid":{"rendered":"https:\/\/amazonia-hub.org\/?p=2109"},"modified":"2024-10-05T15:47:24","modified_gmt":"2024-10-05T13:47:24","slug":"o-sonho-de-um-imperialismo-verde","status":"publish","type":"post","link":"https:\/\/amazonia-hub.org\/pt-br\/o-sonho-de-um-imperialismo-verde\/","title":{"rendered":"O sonho de um imperialismo verde"},"content":{"rendered":"<p><em>Artigo publicado na sua vers\u00e3o original em <\/em><a href=\"https:\/\/www.acaoamazonia.com.br\/blog\/o-sonho-de-um-imperialismo-verde\"><em>https:\/\/www.acaoamazonia.com.br\/blog\/o-sonho-de-um-imperialismo-verde<\/em><\/a><\/p>\n<p>&nbsp;<\/p>\n<p><strong>Os chamados por uma cruzada global em nome do clima t\u00eam implica\u00e7\u00f5es pol\u00edticas graves, mas n\u00e3o necessariamente alteram as rela\u00e7\u00f5es de poder na arena internacional.<\/strong><\/p>\n<p>Jonathan Watts, fundador e editor do portal Suma\u00fama, escreveu um editorial (\u201cNossa Voz\u201d) intitulado \u201cLula tem raz\u00e3o: precisamos de um imposto global para os super-ricos\u201d. O texto \u00e9 a express\u00e3o de um posicionamento geopol\u00edtico mais amplo. A ideia de um imposto global para bilion\u00e1rios implica em um ordenamento global capaz de impor tal imposto, o que exige um horizonte program\u00e1tico capaz de implementar a nova ordem. Por princ\u00edpio, o autor estabelece que para o \u201ctratamento de emerg\u00eancia\u201d precisamos \u201cderrotar as for\u00e7as nacionalistas e capitalistas que procuram dividir, enfraquecer e distrair\u201d.<\/p>\n<p>Com o discurso de apocalipse iminente caracter\u00edstico da linha editorial de sua publica\u00e7\u00e3o, Watts \u2014 que tamb\u00e9m \u00e9 correspondente de Am\u00e9rica Latina no ingl\u00eas The Guardian \u2014 desenha um campo de batalha onde o seu grupo precisa vencer, onde \u00e9 preciso derrotar os inimigos e disciplinar os recalcitrantes. Os inimigos t\u00eam identidade geopol\u00edtica: os \u201coligarcas do g\u00e1s da R\u00fassia de Putin, os xeiques e emires de Estados ricos em petr\u00f3leo no Oriente M\u00e9dio e de grandes latifundi\u00e1rios do Brasil\u201d. \u201cVenc\u00ea-los \u00e9 a chave para a sa\u00fade planet\u00e1ria\u201d, o que o autor descreve como uma batalha sem precedentes, que estar\u00e1 acima das linhas divis\u00f3rias do s\u00e9culo XX, acima das ideias de esquerda e direita, pois \u201cqualquer l\u00edder que se opuser parecer\u00e1 um tirano\u201d.<\/p>\n<p>Lembramos que, durante a Revolu\u00e7\u00e3o Francesa, os revolucion\u00e1rios mais fervorosos afirmavam que aqueles alheios ao republicanismo eram tiranos \u00e0 margem da humanidade, merecedores de uma puni\u00e7\u00e3o mais severa do que as leis da guerra previam. Naquela \u00e9poca, agiam em nome de um ideal de soberania popular e governo representativo, o que n\u00e3o deixou de ter consequ\u00eancias graves, nem sempre previstas.<\/p>\n<p>Watts, no entanto, renuncia \u00e0 soberania e ao governo representativo em favor de uma defini\u00e7\u00e3o que rotula como tiranos todos aqueles que n\u00e3o se alinham a um princ\u00edpio ideol\u00f3gico espec\u00edfico e a uma gest\u00e3o tecnocr\u00e1tica internacional do clima. Isto \u00e9, n\u00e3o podemos mais pensar no progresso de cada povo como algo baseado no seu desenvolvimento independente, pois isso seria um \u201cdesvio nacionalista\u201d das tarefas emergenciais impostas pelo problema clim\u00e1tico. Sendo assim, at\u00e9 mesmo governos representativos em sistemas eleitorais est\u00e3o sujeitos a ser arrastados pela reorganiza\u00e7\u00e3o internacional do poder imaginada pelo editor da Suma\u00fama.<\/p>\n<p>O presidente que n\u00e3o se dobrar \u00e9 um tirano. A vontade popular pode ser estigmatizada como populismo. Estados que desfrutam de uma riqueza que foi buscada pela humanidade nos \u00faltimos 200 anos, que usaram dessa riqueza para aprofundar sua independ\u00eancia, como a R\u00fassia, s\u00e3o identificados como inimigos.<\/p>\n<p>Ainda que Watts possa protestar que sua posi\u00e7\u00e3o n\u00e3o \u00e9 uma rejei\u00e7\u00e3o aberta ao governo representativo, n\u00e3o \u00e9 dif\u00edcil antever as consequ\u00eancias do seu chamado de guerra. A concretiza\u00e7\u00e3o de um imposto global contra os super-ricos implica em formas de coleta, gest\u00e3o e aplica\u00e7\u00e3o dos recursos. A reuni\u00e3o de uma coaliz\u00e3o global contra russos, \u00e1rabes e \u201clatifundi\u00e1rios brasileiros\u201d implica em uma organiza\u00e7\u00e3o decisiva que vai se confrontar com a soberania de alguns pa\u00edses e se basear\u00e1 em decis\u00f5es desligadas dos processos pol\u00edticos tradicionais (sejam os mais democr\u00e1ticos, sejam os mais autorit\u00e1rios), concentradas em c\u00fapulas transnacionais.<\/p>\n<p>Na estrat\u00e9gia de Watts, as elei\u00e7\u00f5es dos Estados Unidos s\u00e3o um marco decisivo:<\/p>\n<blockquote><p>\u201cA elei\u00e7\u00e3o dos Estados Unidos tamb\u00e9m teve uma virada fascinante com a ascens\u00e3o de Kamala Harris \u2013 uma mulher negra com um impressionante hist\u00f3rico clim\u00e1tico \u2013 como candidata a presidenta pelo Partido Democrata, contra Donald Trump, que se comprometeu com a ind\u00fastria petrol\u00edfera e j\u00e1 recebeu financiamentos de fontes russas. Se ele ganhar, vai ser o \u201cfim de jogo\u201d para o clima, de acordo com o influente cientista Michael Mann. Se ela ganhar, o mundo ainda poder\u00e1 ter meia chance.\u201d<\/p><\/blockquote>\n<p>Dentro desse discurso, n\u00f3s devemos depositar nossas esperan\u00e7as nas elei\u00e7\u00f5es dos Estados Unidos, apoiando um dos candidatos em nome do programa de transforma\u00e7\u00e3o. Atitude ideol\u00f3gica mais amig\u00e1vel e esperan\u00e7osa do que a reservada aos outros atores citados no texto \u2014 \u00e1rabes, russos, brasileiros e venezuelanos (tamb\u00e9m criticados pela produ\u00e7\u00e3o de petr\u00f3leo).<\/p>\n<p>No fim, o projeto vision\u00e1rio da Suma\u00fama \u2014 espa\u00e7o onde a identidade do Brasil \u00e9 questionada em fun\u00e7\u00e3o de princ\u00edpios &#8220;decoloniais&#8221; \u2014 n\u00e3o \u00e9 t\u00e3o dissidente em rela\u00e7\u00e3o \u00e0 geopol\u00edtica dos Estados Unidos. Por coincid\u00eancia ou n\u00e3o, a pol\u00edtica dos Estados Unidos j\u00e1 est\u00e1 voltada contra os grandes produtores energ\u00e9ticos, e j\u00e1 vimos as consequ\u00eancias disso para os russos e para os \u00e1rabes. Esperamos que o protecionismo instrumentalizado contra a agropecu\u00e1ria brasileira n\u00e3o tenha consequ\u00eancias t\u00e3o dr\u00e1sticas para o futuro de nosso pa\u00eds.<\/p>\n<p>A proposta com verniz revolucion\u00e1rio n\u00e3o contradiz as tend\u00eancias dominantes da geopol\u00edtica global. Apesar de todo o discurso radical, os militantes estendem as m\u00e3os aos senhores de sempre. Tudo precisa mudar para tudo permanecer igual.<\/p>\n<p>Repetimos uma pergunta que ainda ser\u00e1 feita muitas vezes: chegou a \u00e9poca de um imperialismo verde?<\/p>\n<p>&nbsp;<\/p>\n","protected":false},"excerpt":{"rendered":"<p>Os chamados por uma cruzada global em nome do clima t\u00eam implica\u00e7\u00f5es pol\u00edticas graves, mas n\u00e3o necessariamente alteram as rela\u00e7\u00f5es de poder na arena internacional.<\/p>\n","protected":false},"author":211,"featured_media":2116,"comment_status":"closed","ping_status":"open","sticky":false,"template":"","format":"standard","meta":{"footnotes":""},"categories":[44],"tags":[],"class_list":["post-2109","post","type-post","status-publish","format-standard","has-post-thumbnail","hentry","category-analises","category-44","description-off"],"_links":{"self":[{"href":"https:\/\/amazonia-hub.org\/pt-br\/wp-json\/wp\/v2\/posts\/2109","targetHints":{"allow":["GET"]}}],"collection":[{"href":"https:\/\/amazonia-hub.org\/pt-br\/wp-json\/wp\/v2\/posts"}],"about":[{"href":"https:\/\/amazonia-hub.org\/pt-br\/wp-json\/wp\/v2\/types\/post"}],"author":[{"embeddable":true,"href":"https:\/\/amazonia-hub.org\/pt-br\/wp-json\/wp\/v2\/users\/211"}],"replies":[{"embeddable":true,"href":"https:\/\/amazonia-hub.org\/pt-br\/wp-json\/wp\/v2\/comments?post=2109"}],"version-history":[{"count":3,"href":"https:\/\/amazonia-hub.org\/pt-br\/wp-json\/wp\/v2\/posts\/2109\/revisions"}],"predecessor-version":[{"id":2144,"href":"https:\/\/amazonia-hub.org\/pt-br\/wp-json\/wp\/v2\/posts\/2109\/revisions\/2144"}],"wp:featuredmedia":[{"embeddable":true,"href":"https:\/\/amazonia-hub.org\/pt-br\/wp-json\/wp\/v2\/media\/2116"}],"wp:attachment":[{"href":"https:\/\/amazonia-hub.org\/pt-br\/wp-json\/wp\/v2\/media?parent=2109"}],"wp:term":[{"taxonomy":"category","embeddable":true,"href":"https:\/\/amazonia-hub.org\/pt-br\/wp-json\/wp\/v2\/categories?post=2109"},{"taxonomy":"post_tag","embeddable":true,"href":"https:\/\/amazonia-hub.org\/pt-br\/wp-json\/wp\/v2\/tags?post=2109"}],"curies":[{"name":"wp","href":"https:\/\/api.w.org\/{rel}","templated":true}]}}