{"id":2327,"date":"2024-10-03T19:23:38","date_gmt":"2024-10-03T17:23:38","guid":{"rendered":"https:\/\/amazonia-hub.org\/accion-amazonica\/"},"modified":"2024-10-06T15:08:29","modified_gmt":"2024-10-06T13:08:29","slug":"accion-amazonica","status":"publish","type":"post","link":"https:\/\/amazonia-hub.org\/es\/accion-amazonica\/","title":{"rendered":"Acci\u00f3n Amaz\u00f3nica"},"content":{"rendered":"\r\n<p>&nbsp;<\/p>\r\n<p><a href=\"https:\/\/www.acaoamazonia.com.br\">A\u00e7\u00e3o Amaz\u00f4nia<\/a> es un proyecto medi\u00e1tico destinado a producir conocimiento e informaci\u00f3n para las personas implicadas en la regi\u00f3n amaz\u00f3nica.<\/p>\r\n<p>Para nosotros, Amazonia significa tanto el bioma, la selva amaz\u00f3nica, como los grupos humanos que componen el espacio geogr\u00e1fico amaz\u00f3nico, incluidos los municipios y la organizaci\u00f3n pol\u00edtica de las unidades federales. La Amazonia es el coraz\u00f3n de la cuesti\u00f3n nacional brasile\u00f1a, el lugar de nuestro futuro y de nuestra identidad com\u00fan.<\/p>\r\n<p>Los estados de la unidad regional amaz\u00f3nica ocupan m\u00e1s de la mitad del territorio brasile\u00f1o y el bioma amaz\u00f3nico ocupa casi la mitad del territorio nacional.<\/p>\r\n<p>Casi 30 millones de brasile\u00f1os viven en la regi\u00f3n, profundamente afectada por el hambre, la pobreza, el desempleo y otros problemas sociales. Estos problemas condenan tanto a las periferias urbanas como a las poblaciones ind\u00edgenas que viven en la selva.<\/p>\r\n<p>Por eso creemos que la Amazonia debe ser una prioridad en la agenda nacional, basada en una mentalidad capaz de alinear la conservaci\u00f3n con el desarrollo.<\/p>\r\n<p>En un mundo en el que se habla mucho de la selva amaz\u00f3nica y en el que los intereses internacionales &#8211; redes econ\u00f3micas, geopol\u00edticas e incluso criminales &#8211; se proyectan en la Amazonia brasile\u00f1a, hemos asumido la responsabilidad de entrar en un debate hegemonizado por actores financiados por organizaciones de otros pa\u00edses.<\/p>\r\n<p>Creemos que el v\u00ednculo entre la sociedad civil y el Estado brasile\u00f1o puede ofrecer una soluci\u00f3n local a estos problemas.<\/p>\r\n<p>As\u00ed naci\u00f3 <a href=\"https:\/\/www.acaoamazonia.com.br\/\">A\u00e7\u00e3o Amaz\u00f4nia<\/a>: para pensar y comunicar, para reunir y movilizar a quienes quieren construir esta agenda nacional para la Amazonia brasile\u00f1a. \u00a1La acci\u00f3n es movimiento!<\/p>\r\n<p>&nbsp;<\/p>\r\n<p><a href=\"https:\/\/www.acaoamazonia.com.br\">https:\/\/www.acaoamazonia.com.br<\/a><\/p>\r\n","protected":false},"excerpt":{"rendered":"<p>A\u00e7\u00e3o Amaz\u00f4nia es un proyecto medi\u00e1tico en portugu\u00e9s destinado a producir conocimientos e informaci\u00f3n para las personas relacionadas con la regi\u00f3n amaz\u00f3nica.<\/p>\n","protected":false},"author":211,"featured_media":2060,"comment_status":"closed","ping_status":"open","sticky":false,"template":"","format":"standard","meta":{"footnotes":""},"categories":[39],"tags":[],"class_list":["post-2327","post","type-post","status-publish","format-standard","has-post-thumbnail","hentry","category-desencriptadores","category-39","description-off"],"_links":{"self":[{"href":"https:\/\/amazonia-hub.org\/es\/wp-json\/wp\/v2\/posts\/2327","targetHints":{"allow":["GET"]}}],"collection":[{"href":"https:\/\/amazonia-hub.org\/es\/wp-json\/wp\/v2\/posts"}],"about":[{"href":"https:\/\/amazonia-hub.org\/es\/wp-json\/wp\/v2\/types\/post"}],"author":[{"embeddable":true,"href":"https:\/\/amazonia-hub.org\/es\/wp-json\/wp\/v2\/users\/211"}],"replies":[{"embeddable":true,"href":"https:\/\/amazonia-hub.org\/es\/wp-json\/wp\/v2\/comments?post=2327"}],"version-history":[{"count":2,"href":"https:\/\/amazonia-hub.org\/es\/wp-json\/wp\/v2\/posts\/2327\/revisions"}],"predecessor-version":[{"id":2329,"href":"https:\/\/amazonia-hub.org\/es\/wp-json\/wp\/v2\/posts\/2327\/revisions\/2329"}],"wp:featuredmedia":[{"embeddable":true,"href":"https:\/\/amazonia-hub.org\/es\/wp-json\/wp\/v2\/media\/2060"}],"wp:attachment":[{"href":"https:\/\/amazonia-hub.org\/es\/wp-json\/wp\/v2\/media?parent=2327"}],"wp:term":[{"taxonomy":"category","embeddable":true,"href":"https:\/\/amazonia-hub.org\/es\/wp-json\/wp\/v2\/categories?post=2327"},{"taxonomy":"post_tag","embeddable":true,"href":"https:\/\/amazonia-hub.org\/es\/wp-json\/wp\/v2\/tags?post=2327"}],"curies":[{"name":"wp","href":"https:\/\/api.w.org\/{rel}","templated":true}]}}